{"headers": {"id": "ID", "periodo": "Per\u00edodo", "titulo": "Mat\u00e9ria", "autor": "Autor", "ementa": "Ementa", "situacao": "Situa\u00e7\u00e3o"}, "results": [{"id": 984, "periodo": "ordem dia", "titulo": "Indica\u00e7\u00e3o n\u00ba 1 de 2026", "autor": "BEBIM", "ementa": "Senhor Presidente, apresento a Vossa Excel\u00eancia nos termos legais e regimentais, a presente Indica\u00e7\u00e3o ao Prefeito Municipal Jos\u00e9 Ailson Dantas\r\nQueiroz, sobre a necessidade de recupera\u00e7\u00e3o, patrolamento e encascalhamento das estradas rurais que d\u00e3o acesso \u00e1s comunidades de Para-Terra, Judas,\r\nBoa Sorte, Veredas e Gameleira no Munic\u00edpio de Urucuia-MG.", "situacao": "Aguardando Vota\u00e7\u00e3o em Plen\u00e1rio"}, {"id": 985, "periodo": "ordem dia", "titulo": "Indica\u00e7\u00e3o n\u00ba 2 de 2026", "autor": "ALBANITA ANJOS", "ementa": "Senhor Presidente, apresento a Vossa Excel\u00eancia nos termos legais e regimentais, a presente Indica\u00e7\u00e3o ao Prefeito Municipal Jos\u00e9 Ailson Dantas\r\nQueiroz, sobre a necessidade de aquisi\u00e7\u00e3o de uma M\u00e1quina P\u00e1 carregadeira em Urucuia-MG.", "situacao": "Aguardando Vota\u00e7\u00e3o em Plen\u00e1rio"}, {"id": 986, "periodo": "ordem dia", "titulo": "Indica\u00e7\u00e3o n\u00ba 3 de 2026", "autor": "GERALDO GALEGO", "ementa": "Senhor Presidente, apresento a Vossa Excel\u00eancia nos termos legais e regimentais, a presente Indica\u00e7\u00e3o ao Prefeito Municipal Jos\u00e9 Ailson Dantas\r\nQueiroz, a necessidade de constru\u00e7\u00e3o de um Centro de Aten\u00e7\u00e3o Psicossocial (CAPS) atrav\u00e9s do novo programa do Governo Federal PAC.", "situacao": "Aguardando Vota\u00e7\u00e3o em Plen\u00e1rio"}, {"id": 991, "periodo": "ordem dia", "titulo": "Indica\u00e7\u00e3o n\u00ba 4 de 2026", "autor": "JOS\u00c9 DO PARTO CARDOSO LISBOA,Mam\u00e9dio", "ementa": "Indicam ao Excelent\u00edssimo Senhor Prefeito Municipal a constru\u00e7\u00e3o de uma Unidade B\u00e1sica de Sa\u00fade \u2013 UBS no Distrito de Vereda Grande, munic\u00edpio de Urucuia/MG.", "situacao": "Aguardando Vota\u00e7\u00e3o em Plen\u00e1rio"}, {"id": 990, "periodo": "ordem dia", "titulo": "Indica\u00e7\u00e3o n\u00ba 5 de 2026", "autor": "JOS\u00c9 DO PARTO CARDOSO LISBOA", "ementa": "Indica\u00e7\u00e3o ao Excelent\u00edssimo Senhor Prefeito Municipal a constru\u00e7\u00e3o de uma creche na \u00e1rea urbana do munic\u00edpio de Urucuia/MG.", "situacao": "Aguardando Vota\u00e7\u00e3o em Plen\u00e1rio"}, {"id": 992, "periodo": "ordem dia", "titulo": "Indica\u00e7\u00e3o n\u00ba 6 de 2026", "autor": "NET\u00c3O DO POVO", "ementa": "Indica ao Excelent\u00edssimo Senhor Prefeito Municipal de Urucuia \u2013 MG, a necessidade de provid\u00eancias para a aquisi\u00e7\u00e3o de m\u00e1quinas de hemodi\u00e1lise, com a finalidade de implanta\u00e7\u00e3o do servi\u00e7o no Munic\u00edpio.", "situacao": "Aguardando Vota\u00e7\u00e3o em Plen\u00e1rio"}, {"id": 993, "periodo": "ordem dia", "titulo": "Indica\u00e7\u00e3o n\u00ba 7 de 2026", "autor": "NET\u00c3O DO POVO", "ementa": "Indica ao Excelent\u00edssimo Senhor Prefeito Municipal que sejam adotadas as provid\u00eancias necess\u00e1rias para a denomina\u00e7\u00e3o oficial do Cemit\u00e9rio do Distrito de Bonito como \u201cCemit\u00e9rio Municipal Alto das Contas\u201d, bem como a defini\u00e7\u00e3o formal de responsabilidade quanto \u00e0 sua manuten\u00e7\u00e3o e conserva\u00e7\u00e3o.", "situacao": "Aguardando Vota\u00e7\u00e3o em Plen\u00e1rio"}, {"id": 994, "periodo": "ordem dia", "titulo": "Indica\u00e7\u00e3o n\u00ba 8 de 2026", "autor": "GERALDO GALEGO", "ementa": "Senhor Presidente, apresento a Vossa Excel\u00eancia nos termos legais e regimentais, a presente Indica\u00e7\u00e3o ao Prefeito Municipal, sobre a necessidade de\r\naquisi\u00e7\u00e3o de um \u00d4nibus Rodovi\u00e1rio de Padr\u00e3o Executivo, para atender as demandas de eventos culturais, religiosos e esportivos no munic\u00edpio Urucuia-MG.", "situacao": "N\u00e3o informada"}, {"id": 988, "periodo": "ordem dia", "titulo": "Requerimento n\u00ba 2 de 2026", "autor": "ALBANITA ANJOS", "ementa": "A Vereadora que esse subscreve, no uso de suas atribui\u00e7\u00f5es legais e regimentais conferidas pela Lei Org\u00e2nica do Munic\u00edpio e pelo Regimento Interno desta Casa Legislativa, vem respeitosamente requerer de vossa Senhoria Jos\u00e9 Ot\u00e1vio Machado, Secret\u00e1rio Municipal de Meio Ambiente a viabilidade de implementa\u00e7\u00e3o de um Programa Itinerante de Educa\u00e7\u00e3o Ambiental e Limpeza P\u00fablica.", "situacao": "Aguardando Vota\u00e7\u00e3o em Plen\u00e1rio"}, {"id": 987, "periodo": "ordem dia", "titulo": "Requerimento n\u00ba 1 de 2026", "autor": "BEBIM", "ementa": "O Vereador que este subscreve, ouvida a casa no prazo regimental, vem requerer do Presidente do SAMU o Sr. Gonsalo Ant\u00f4nio Mendes de Magalh\u00e3es, a\r\npossibilidade da doa\u00e7\u00e3o de uma ambul\u00e2ncia do SAMU BASE AVAN\u00c7ADA, para o de munic\u00edpio de Urucuia-MG.", "situacao": "Aguardando Vota\u00e7\u00e3o em Plen\u00e1rio"}, {"id": 983, "periodo": "expediente", "titulo": "Projeto de Lei Ordin\u00e1ria n\u00ba 1 de 2026", "autor": "Executivo - Ex", "ementa": "Projeto de lei 01/2026-REFIS", "situacao": "Aguardando Leitura em Plen\u00e1rio"}]}