{"id":180,"__str__":"OF-PJ N\u00ba 003/2026 - OF-PJ - Assembleia Legislativa","link_detail_backend":"/docadm/180","metadata":{},"numero":3,"complemento":"","ano":2026,"data":"2026-03-02","interessado":"Escola do Legislativo - Assembleia Legislativa","dias_prazo":null,"data_fim_prazo":null,"tramitacao":false,"assunto":"Agradecemos imensamente o apoio de V. Exa. \u00e0 realiza\u00e7\u00e3o do Parlamento Jovem de Minas em sua C\u00e2mara, neste ano de sua 22\u00aa edi\u00e7\u00e3o.","numero_externo":null,"observacao":"","texto_integral":"http://sapl.urucuia.mg.leg.br/media/sapl/private/documentoadministrativo/180/of_presidentes_pj_minas_2026_-_boas_vindas_-_m.pdf","restrito":false,"ip":"168.205.238.68","ultima_edicao":"2026-03-02T08:42:10.241507-03:00","tipo":54,"protocolo":288,"autor":null,"user":36,"anexados":[],"materiasvinculadas":[]}