{"id":763,"__str__":"Indica\u00e7\u00e3o n\u00ba 9 de 2025","link_detail_backend":"/materia/763","metadata":{},"numero":9,"ano":2025,"numero_protocolo":null,"data_apresentacao":"2025-03-06","tipo_apresentacao":"E","data_publicacao":null,"numero_origem_externa":"","ano_origem_externa":null,"data_origem_externa":null,"apelido":"","dias_prazo":null,"data_fim_prazo":null,"em_tramitacao":false,"polemica":false,"objeto":"","complementar":false,"ementa":"Excelent\u00edssimo Senhor Presidente, o Vereador que esta subscreve, no uso de suas atribui\u00e7\u00f5es legais e regimentais, vem respeitosamente indicar ao\r\nExcelent\u00edssimo Senhor Prefeito Municipal Jos\u00e9 Ailson Dantas de Queiroz a necessidade de instala\u00e7\u00e3o de lumin\u00e1rias no canteiro central da Avenida BH, no\r\ndistrito de Vereda Grande.","indexacao":"necessidade de instala\u00e7\u00e3o de lumin\u00e1rias no canteiro central da Avenida BH, no\r\ndistrito de Vereda Grande.","observacao":"","resultado":"","texto_original":"http://sapl.urucuia.mg.leg.br/media/sapl/public/materialegislativa/2025/763/indicacao_-_009_-_2025.pdf","data_ultima_atualizacao":"2025-03-12T18:29:00.934416-03:00","ip":"170.81.109.183","ultima_edicao":"2025-03-12T16:53:13.014153-03:00","tipo":8,"regime_tramitacao":2,"tipo_origem_externa":null,"local_origem_externa":null,"user":15,"anexadas":[],"autores":[]}