{"id":706,"__str__":"Of\u00edcio n\u00ba 6 de 2023","link_detail_backend":"/materia/706","metadata":{},"numero":6,"ano":2023,"numero_protocolo":null,"data_apresentacao":"2023-04-11","tipo_apresentacao":"","data_publicacao":null,"numero_origem_externa":"","ano_origem_externa":null,"data_origem_externa":null,"apelido":"","dias_prazo":null,"data_fim_prazo":null,"em_tramitacao":false,"polemica":false,"objeto":"","complementar":false,"ementa":"Venho por meio deste solicitar a possibilidade de destina\u00e7\u00e3o de Emenda Parlamentar para aquisi\u00e7\u00e3o de um trator e implementos para a associa\u00e7\u00e3o dos pequenos produtores Rurais da Agricultura Familiar, Agnelo Dur\u00e3es .","indexacao":"Solicita-se Emenda Parlamentar para Associa\u00e7\u00e3o Agnelo Dur\u00e3es.","observacao":"","resultado":"","texto_original":"http://sapl.urucuia.mg.leg.br/media/sapl/public/materialegislativa/2023/706/oficio-006-2023-netao.pdf","data_ultima_atualizacao":"2024-09-27T12:37:51.173484-03:00","ip":"170.81.109.182","ultima_edicao":"2024-09-27T12:30:59.703850-03:00","tipo":12,"regime_tramitacao":1,"tipo_origem_externa":null,"local_origem_externa":null,"user":26,"anexadas":[],"autores":[18]}