{"id":698,"__str__":"Of\u00edcio n\u00ba 29 de 2023","link_detail_backend":"/materia/698","metadata":{},"numero":29,"ano":2023,"numero_protocolo":null,"data_apresentacao":"2023-04-11","tipo_apresentacao":"","data_publicacao":null,"numero_origem_externa":"","ano_origem_externa":null,"data_origem_externa":null,"apelido":"","dias_prazo":null,"data_fim_prazo":null,"em_tramitacao":false,"polemica":false,"objeto":"","complementar":false,"ementa":"Venho por meio deste solicitar a viabilidade de destina\u00e7\u00e3o de Emenda Parlamentar para aquisi\u00e7\u00e3o de um ve\u00edculo Ambul\u00e2ncia Tra\u00e7ada, para atender a Unidade B\u00e1sica de Sa\u00fade UBS no Distrito de Bonito, na cidade de Urucuia-MG.","indexacao":"Emenda Parlamentar, UBS do Distrito do Bonito","observacao":"","resultado":"","texto_original":"http://sapl.urucuia.mg.leg.br/media/sapl/public/materialegislativa/2023/698/oficio-029-2023-netao.pdf","data_ultima_atualizacao":"2024-09-27T10:14:31.150726-03:00","ip":"170.81.109.182","ultima_edicao":"2024-09-27T10:12:52.370588-03:00","tipo":12,"regime_tramitacao":1,"tipo_origem_externa":null,"local_origem_externa":null,"user":26,"anexadas":[],"autores":[18]}