{"id":66,"__str__":"Requerimento n\u00ba 19 de 2021","link_detail_backend":"/materia/66","metadata":{},"numero":19,"ano":2021,"numero_protocolo":null,"data_apresentacao":"2021-05-12","tipo_apresentacao":"","data_publicacao":null,"numero_origem_externa":"","ano_origem_externa":null,"data_origem_externa":null,"apelido":"","dias_prazo":null,"data_fim_prazo":null,"em_tramitacao":true,"polemica":false,"objeto":"","complementar":false,"ementa":"\"... Requerem de V. Exa. Sr. Jos\u00e9 Augusto Cordeiro Lisboa Presidente da C\u00e2mara Municipal, que seja oficializado a convoca\u00e7\u00e3o do Secret\u00e1rio Municipal de Sa\u00fade, para prestar esclarecimentos sobre. Recursos recebidos para a\u00e7\u00f5es de combate ao COVID-19, aquisi\u00e7\u00e3o e destino de respiradores.\"","indexacao":"\"... Requerem oficializado a convoca\u00e7\u00e3o do Secret\u00e1rio Municipal de Sa\u00fade, para prestar esclarecimentos sobre. Recursos recebidos para a\u00e7\u00f5es de combate ao COVID-19, aquisi\u00e7\u00e3o e destino de respiradores.\"","observacao":"","resultado":"","texto_original":"http://sapl.urucuia.mg.leg.br/media/sapl/public/materialegislativa/2021/66/requerimento_019_-_2021.pdf","data_ultima_atualizacao":"2021-05-17T07:57:54.615002-03:00","ip":"168.205.237.1","ultima_edicao":"2021-05-17T07:55:32.877512-03:00","tipo":3,"regime_tramitacao":1,"tipo_origem_externa":null,"local_origem_externa":null,"user":15,"anexadas":[],"autores":[17,16]}