{"id":636,"__str__":"Of\u00edcio n\u00ba 17 de 2023","link_detail_backend":"/materia/636","metadata":{},"numero":17,"ano":2023,"numero_protocolo":null,"data_apresentacao":"2023-03-29","tipo_apresentacao":"","data_publicacao":null,"numero_origem_externa":"","ano_origem_externa":null,"data_origem_externa":null,"apelido":"","dias_prazo":null,"data_fim_prazo":null,"em_tramitacao":false,"polemica":false,"objeto":"","complementar":false,"ementa":"Venho por meio deste a pedido do vereador Edvaldo Rosa Lisboa , solicitar a reforma e manuten\u00e7\u00e3o com urg\u00eancia da Escola Municipal Am\u00e9rico Martins, Comunidade Santa Cruz.","indexacao":"Venho por meio deste a pedido do vereador Edvaldo Rosa Lisboa , solicitar a reforma e manuten\u00e7\u00e3o com urg\u00eancia da Escola Municipal Am\u00e9rico Martins, Comunidade Santa Cruz.","observacao":"","resultado":"","texto_original":"http://sapl.urucuia.mg.leg.br/media/sapl/public/materialegislativa/2023/636/oficio-017-2023-cleuber.pdf","data_ultima_atualizacao":"2024-09-20T08:57:13.694199-03:00","ip":"170.81.109.182","ultima_edicao":"2024-09-20T08:43:47.221375-03:00","tipo":12,"regime_tramitacao":1,"tipo_origem_externa":null,"local_origem_externa":null,"user":26,"anexadas":[],"autores":[21]}