{"id":632,"__str__":"Of\u00edcio n\u00ba 21 de 2023","link_detail_backend":"/materia/632","metadata":{},"numero":21,"ano":2023,"numero_protocolo":null,"data_apresentacao":"2023-03-29","tipo_apresentacao":"","data_publicacao":null,"numero_origem_externa":"","ano_origem_externa":null,"data_origem_externa":null,"apelido":"","dias_prazo":null,"data_fim_prazo":null,"em_tramitacao":false,"polemica":false,"objeto":"","complementar":false,"ementa":"Venho meio deste a pedido do vereador Jos\u00e9 do Parto Cardoso Lisboa, solicitar que seja feita identifica\u00e7\u00e3o de toda frota de ve\u00edculo do munic\u00edpio.","indexacao":"Venho meio deste a pedido do vereador Jos\u00e9 do Parto Cardoso Lisboa, solicitar que seja feita identifica\u00e7\u00e3o de toda frota de ve\u00edculo do munic\u00edpio.","observacao":"","resultado":"","texto_original":"http://sapl.urucuia.mg.leg.br/media/sapl/public/materialegislativa/2023/632/oficio-021-2023-cleuber.pdf","data_ultima_atualizacao":"2024-09-20T08:22:30.772855-03:00","ip":"170.81.109.182","ultima_edicao":"2024-09-20T08:15:38.284406-03:00","tipo":12,"regime_tramitacao":1,"tipo_origem_externa":null,"local_origem_externa":null,"user":26,"anexadas":[],"autores":[21]}