{"id":62,"__str__":"Projeto de Lei Ordin\u00e1ria n\u00ba 11 de 2021","link_detail_backend":"/materia/62","metadata":{},"numero":11,"ano":2021,"numero_protocolo":null,"data_apresentacao":"2021-05-11","tipo_apresentacao":"","data_publicacao":null,"numero_origem_externa":"","ano_origem_externa":null,"data_origem_externa":null,"apelido":"","dias_prazo":null,"data_fim_prazo":null,"em_tramitacao":true,"polemica":false,"objeto":"","complementar":false,"ementa":"\u201cDisp\u00f5e sobre a participa\u00e7\u00e3o do munic\u00edpio de Urucuia/MG no Cons\u00f3rcio Intermunicipal Multifinalit\u00e1rioda \u00c1rea Mineira da Sudene - CIMAMS, ratifica protocolo de inten\u00e7\u00f5es e d\u00e1 outras provid\u00eancias.\u201d","indexacao":"Cons\u00f3rcio Intermunicipal Multifinalit\u00e1rioda \u00c1rea Mineira da Sudene - CIMAMS","observacao":"","resultado":"","texto_original":"http://sapl.urucuia.mg.leg.br/media/sapl/public/materialegislativa/2021/62/projeto_de_lei_011_-_2021.pdf","data_ultima_atualizacao":"2021-05-11T11:49:00.593421-03:00","ip":"168.205.237.1","ultima_edicao":"2021-05-11T11:35:57.927897-03:00","tipo":1,"regime_tramitacao":2,"tipo_origem_externa":null,"local_origem_externa":null,"user":15,"anexadas":[],"autores":[1]}