{"id":629,"__str__":"Of\u00edcio n\u00ba 37 de 2023","link_detail_backend":"/materia/629","metadata":{},"numero":37,"ano":2023,"numero_protocolo":null,"data_apresentacao":"2023-05-03","tipo_apresentacao":"","data_publicacao":null,"numero_origem_externa":"","ano_origem_externa":null,"data_origem_externa":null,"apelido":"","dias_prazo":null,"data_fim_prazo":null,"em_tramitacao":false,"polemica":false,"objeto":"","complementar":false,"ementa":"Venho por meio deste a pedido do vereador Darley Jos\u00e9 da Silva, solicitar que seja vista a quest\u00e3o da lumin\u00e1ria da comunidade Para terra, uma vez que ja tem projeto aprovado pois a obra l\u00e1 atrapalha vis\u00e3o dos motoristas","indexacao":"Venho por meio deste a pedido do vereador Darley Jos\u00e9 da Silva, solicitar que seja vista a quest\u00e3o da lumin\u00e1ria da comunidade Para terra, uma vez que ja tem projeto aprovado pois a obra l\u00e1 atrapalha vis\u00e3o dos motoristas","observacao":"","resultado":"","texto_original":"http://sapl.urucuia.mg.leg.br/media/sapl/public/materialegislativa/2023/629/oficio-037-2023-cleuber.pdf","data_ultima_atualizacao":"2024-09-19T11:04:26.487116-03:00","ip":"170.81.109.182","ultima_edicao":"2024-09-19T10:58:26.196701-03:00","tipo":12,"regime_tramitacao":1,"tipo_origem_externa":null,"local_origem_externa":null,"user":26,"anexadas":[],"autores":[21]}