{"id":627,"__str__":"Of\u00edcio n\u00ba 39 de 2023","link_detail_backend":"/materia/627","metadata":{},"numero":39,"ano":2023,"numero_protocolo":null,"data_apresentacao":"2023-05-03","tipo_apresentacao":"","data_publicacao":null,"numero_origem_externa":"","ano_origem_externa":null,"data_origem_externa":null,"apelido":"","dias_prazo":null,"data_fim_prazo":null,"em_tramitacao":false,"polemica":false,"objeto":"","complementar":false,"ementa":"Venho por meio deste a pedido do vereador Edvaldo Rosa Lisboa , solicitar que seja feito reparos na Escola da Comidade Santa Cruz at\u00e9 que inicie a obra, pois em vista deparou com v\u00e1rias coisas quebradas e funcion\u00e1rios trabalhando em estado prec\u00e1rio.","indexacao":"Venho por meio deste a pedido do vereador Edvaldo Rosa Lisboa , solicitar que seja feito reparos na Escola da Comidade Santa Cruz at\u00e9 que inicie a obra, pois em vista deparou com v\u00e1rias coisas quebradas e funcion\u00e1rios trabalhando em estado prec\u00e1rio.","observacao":"","resultado":"","texto_original":"http://sapl.urucuia.mg.leg.br/media/sapl/public/materialegislativa/2023/627/oficio-039-2023-cleuber.pdf","data_ultima_atualizacao":"2024-09-19T10:43:22.547019-03:00","ip":"170.81.109.182","ultima_edicao":"2024-09-19T10:32:01.893748-03:00","tipo":12,"regime_tramitacao":1,"tipo_origem_externa":null,"local_origem_externa":null,"user":26,"anexadas":[],"autores":[21]}