{"id":538,"__str__":"Of\u00edcio n\u00ba 176 de 2023","link_detail_backend":"/materia/538","metadata":{},"numero":176,"ano":2023,"numero_protocolo":null,"data_apresentacao":"2023-12-15","tipo_apresentacao":"","data_publicacao":null,"numero_origem_externa":"","ano_origem_externa":null,"data_origem_externa":null,"apelido":"","dias_prazo":null,"data_fim_prazo":null,"em_tramitacao":false,"polemica":false,"objeto":"","complementar":false,"ementa":"Solenidade de Reinaugura\u00e7\u00e3o da Obra de Reforma e Amplia\u00e7\u00e3o da Casa Legislativa . C\u00e2mara Municipal de Urucuia-MG","indexacao":"Solenidade de Reinaugura\u00e7\u00e3o da Obra de Reforma e Amplia\u00e7\u00e3o da Casa Legislativa . C\u00e2mara Municipal de Urucuia-MG","observacao":"","resultado":"","texto_original":"http://sapl.urucuia.mg.leg.br/media/sapl/public/materialegislativa/2023/538/oficio-176-2023-cleuber.pdf","data_ultima_atualizacao":"2024-09-05T11:13:54.722998-03:00","ip":"170.81.109.181","ultima_edicao":"2024-09-05T11:12:27.026832-03:00","tipo":12,"regime_tramitacao":1,"tipo_origem_externa":null,"local_origem_externa":null,"user":26,"anexadas":[],"autores":[21]}