{"id":459,"__str__":"Of\u00edcio n\u00ba 88 de 2024","link_detail_backend":"/materia/459","metadata":{},"numero":88,"ano":2024,"numero_protocolo":null,"data_apresentacao":"2024-06-18","tipo_apresentacao":"","data_publicacao":null,"numero_origem_externa":"","ano_origem_externa":null,"data_origem_externa":null,"apelido":"","dias_prazo":null,"data_fim_prazo":null,"em_tramitacao":false,"polemica":false,"objeto":"","complementar":false,"ementa":"Venho por meio deste solicitar que sejam encaminhados a esta Casa Legislativa presta\u00e7\u00e3o de contas de tudo que foi adquirido atrav\u00e9s de Emenda Aditiva de Car\u00e1ter Impositivo referente aos anos 2021,2022 e 2023 at\u00e9 a presente data do ano recorrente.","indexacao":"Venho por meio deste solicitar que sejam encaminhados a esta Casa Legislativa presta\u00e7\u00e3o de contas de tudo que foi adquirido atrav\u00e9s de Emenda Aditiva de Car\u00e1ter Impositivo referente aos anos 2021,2022 e 2023 at\u00e9 a presente data do ano recorrente.","observacao":"","resultado":"","texto_original":"http://sapl.urucuia.mg.leg.br/media/sapl/public/materialegislativa/2024/459/oficio_088-2024-edvaldo.pdf","data_ultima_atualizacao":"2024-08-23T08:48:48.082403-03:00","ip":"170.81.109.181","ultima_edicao":"2024-08-23T08:42:05.797839-03:00","tipo":12,"regime_tramitacao":1,"tipo_origem_externa":null,"local_origem_externa":null,"user":26,"anexadas":[],"autores":[22]}