{"id":44,"__str__":"Projeto de Lei Ordin\u00e1ria n\u00ba 31 de 2020","link_detail_backend":"/materia/44","metadata":{},"numero":31,"ano":2020,"numero_protocolo":null,"data_apresentacao":"2020-12-07","tipo_apresentacao":"","data_publicacao":null,"numero_origem_externa":"","ano_origem_externa":null,"data_origem_externa":null,"apelido":"","dias_prazo":null,"data_fim_prazo":null,"em_tramitacao":false,"polemica":false,"objeto":"","complementar":false,"ementa":"\u201c DISP\u00d5E SOBRE A FIXA\u00c7\u00c3O DE SUBS\u00cdDIO DO PREFEITO E VICE-PREFEITO MUNICIPAIS DO MUNIC\u00cdPIO DE URUCUIA, ESTADO DE MINAS GERAIS, PARA O\r\nPER\u00cdODO COMPREENDIDO ENTRE 2021/2024, E D\u00c1 OUTRAS PROVID\u00caNCIAS.\u201d","indexacao":"FIXA\u00c7\u00c3O DE SUBS\u00cdDIO DO PREFEITO E VICE-PREFEITO MUNICIPAIS DO MUNIC\u00cdPIO DE URUCUIA PER\u00cdODO COMPREENDIDO ENTRE 2021/2024","observacao":"","resultado":"","texto_original":"http://sapl.urucuia.mg.leg.br/media/sapl/public/materialegislativa/2020/44/projeto_de_lei_31_-_2020.pdf","data_ultima_atualizacao":"2021-04-07T11:56:06.527408-03:00","ip":"168.205.237.1","ultima_edicao":"2021-04-07T11:53:41.614879-03:00","tipo":1,"regime_tramitacao":2,"tipo_origem_externa":null,"local_origem_externa":null,"user":15,"anexadas":[],"autores":[]}