{"id":444,"__str__":"Of\u00edcio n\u00ba 32 de 2024","link_detail_backend":"/materia/444","metadata":{},"numero":32,"ano":2024,"numero_protocolo":null,"data_apresentacao":"2024-03-22","tipo_apresentacao":"","data_publicacao":null,"numero_origem_externa":"","ano_origem_externa":null,"data_origem_externa":null,"apelido":"","dias_prazo":null,"data_fim_prazo":null,"em_tramitacao":false,"polemica":false,"objeto":"","complementar":false,"ementa":"Cumprimentando-o cordialmente, venho a pedido do Senhor Vereador Darley Jos\u00e9 da Silva e demais Vereadores, solicitar a V. Exa. a possibilidade de  rever as f\u00e9rias pr\u00eamio dos funcion\u00e1rios da sa\u00fade, que foram congeladas desde 2020 ano em que teve inicio da pandemia do COVID-19. Neste sentido \u00e9 que solicitamos a reorganiza\u00e7\u00e3o de f\u00e9rias pr\u00eamio dos interessados para que todos possam gozar dos seus direitos adquiridos. Sem mais para o momento, reitero os cumprimentos de estimas e respeito.","indexacao":"Cumprimentando-o cordialmente, venho a pedido do Senhor Vereador Darley Jos\u00e9 da Silva e demais Vereadores, solicitar a V. Exa. a possibilidade de  rever as f\u00e9rias pr\u00eamio dos funcion\u00e1rios da sa\u00fade, que foram congeladas desde 2020 ano em que teve inicio da pandemia do COVID-19. Neste sentido \u00e9 que solicitamos a reorganiza\u00e7\u00e3o de f\u00e9rias pr\u00eamio dos interessados para que todos possam gozar dos seus direitos adquiridos. Sem mais para o momento, reitero os cumprimentos de estimas e respeito.","observacao":"","resultado":"","texto_original":"http://sapl.urucuia.mg.leg.br/media/sapl/public/materialegislativa/2024/444/oficio_032-2024-edvaldo.pdf","data_ultima_atualizacao":"2024-08-22T11:34:29.588700-03:00","ip":"170.81.109.181","ultima_edicao":"2024-08-22T11:31:45.699863-03:00","tipo":12,"regime_tramitacao":1,"tipo_origem_externa":null,"local_origem_externa":null,"user":26,"anexadas":[],"autores":[22]}