{"id":331,"__str__":"Of\u00edcio n\u00ba 131 de 2023","link_detail_backend":"/materia/331","metadata":{},"numero":131,"ano":2023,"numero_protocolo":null,"data_apresentacao":"2023-10-09","tipo_apresentacao":"","data_publicacao":null,"numero_origem_externa":"","ano_origem_externa":null,"data_origem_externa":null,"apelido":"","dias_prazo":null,"data_fim_prazo":null,"em_tramitacao":false,"polemica":false,"objeto":"","complementar":false,"ementa":"Venho por meio deste solicitar a possibilidade de destina\u00e7\u00e3o de Emenda Parlamentar para aquisi\u00e7\u00e3o de um trator com grade para Associa\u00e7\u00e3o Beira Rio.","indexacao":"Venho por meio deste solicitar a possibilidade de destina\u00e7\u00e3o de Emenda Parlamentar para aquisi\u00e7\u00e3o de um trator com grade para Associa\u00e7\u00e3o Beira Rio.","observacao":"","resultado":"","texto_original":"http://sapl.urucuia.mg.leg.br/media/sapl/public/materialegislativa/2023/331/oficio-131-2023-bana_2.pdf","data_ultima_atualizacao":"2024-09-06T10:36:15.524834-03:00","ip":"170.81.109.181","ultima_edicao":"2024-09-06T10:36:15.413166-03:00","tipo":12,"regime_tramitacao":1,"tipo_origem_externa":null,"local_origem_externa":null,"user":26,"anexadas":[],"autores":[21]}