{"id":285,"__str__":"Requerimento n\u00ba 25 de 2021","link_detail_backend":"/materia/285","metadata":{},"numero":25,"ano":2021,"numero_protocolo":null,"data_apresentacao":"2021-06-03","tipo_apresentacao":"","data_publicacao":null,"numero_origem_externa":"","ano_origem_externa":null,"data_origem_externa":null,"apelido":"","dias_prazo":null,"data_fim_prazo":null,"em_tramitacao":false,"polemica":false,"objeto":"","complementar":false,"ementa":"A possibilidade de cria\u00e7\u00e3o e implanta\u00e7\u00e3o de um Centro de Reabilita\u00e7\u00e3o p\u00f3s covid-19  em nosso Munic\u00edpio,com uma equipe multiprofissional composta por fisioterapeuta, terapeutas ocupacionais,fonoaudi\u00f3logos, educadores f\u00edsicos, nutricionistas e psic\u00f3logos, entre outros profissionais, para promoverem a reabilita\u00e7\u00e3o desses pacientes, contribuindo o retorno as suas atividades rotineiras.","indexacao":"A possibilidade de cria\u00e7\u00e3o e implanta\u00e7\u00e3o de um Centro de Reabilita\u00e7\u00e3o p\u00f3s covid-19  em nosso Munic\u00edpio,com uma equipe multiprofissional composta por fisioterapeuta, terapeutas ocupacionais,fonoaudi\u00f3logos, educadores f\u00edsicos, nutricionistas e psic\u00f3logos, entre outros profissionais, para promoverem a reabilita\u00e7\u00e3o desses pacientes, contribuindo o retorno as suas atividades rotineiras.","observacao":"","resultado":"","texto_original":"http://sapl.urucuia.mg.leg.br/media/sapl/public/materialegislativa/2021/285/req-025-2021-todos.pdf","data_ultima_atualizacao":"2024-08-02T11:02:22.424847-03:00","ip":"170.81.109.181","ultima_edicao":"2024-08-02T10:50:03.518353-03:00","tipo":3,"regime_tramitacao":1,"tipo_origem_externa":null,"local_origem_externa":null,"user":26,"anexadas":[],"autores":[17,16,21,8,22,18,9,7,4]}