{"id":255,"__str__":"Requerimento n\u00ba 22 de 2024","link_detail_backend":"/materia/255","metadata":{},"numero":22,"ano":2024,"numero_protocolo":null,"data_apresentacao":"2024-05-15","tipo_apresentacao":"","data_publicacao":null,"numero_origem_externa":"","ano_origem_externa":null,"data_origem_externa":null,"apelido":"","dias_prazo":null,"data_fim_prazo":null,"em_tramitacao":true,"polemica":false,"objeto":"","complementar":false,"ementa":"O Vereador que a este subscreve, ouvida a Casa no prazo regimental, com fulcro no art . Art. 110 da Lei Org\u00e2nica Municipal, art. 233 e par \u00e1grafo \u00fanico do Regimento Interno, requer de V. Exa. Sr. Edvaldo Rosa Lisboa Presidente da C\u00e2mara Municipal, que seja oficializado a convoca\u00e7\u00e3o do Diretor da Escola\r\nMunicipal El\u00f3i Ferreira da Silva para esclarecer acerca da merenda escolar e hor\u00e1rio de chegada dos alunos em suas resid\u00eancias.","indexacao":"O Vereador que a este subscreve, ouvida a Casa no prazo regimental, com fulcro no art . Art. 110 da Lei Org\u00e2nica Municipal, art. 233 e par \u00e1grafo \u00fanico do Regimento Interno, requer de V. Exa. Sr. Edvaldo Rosa Lisboa Presidente da C\u00e2mara Municipal, que seja oficializado a convoca\u00e7\u00e3o do Diretor da Escola\r\nMunicipal El\u00f3i Ferreira da Silva para esclarecer acerca da merenda escolar e hor\u00e1rio de chegada dos alunos em suas resid\u00eancias.","observacao":"","resultado":"","texto_original":"http://sapl.urucuia.mg.leg.br/media/sapl/public/materialegislativa/2024/255/requerimento_022-2024_darley.pdf","data_ultima_atualizacao":"2024-05-20T17:52:12.241764-03:00","ip":"170.81.109.180","ultima_edicao":"2024-05-20T17:50:34.071766-03:00","tipo":3,"regime_tramitacao":1,"tipo_origem_externa":null,"local_origem_externa":null,"user":15,"anexadas":[],"autores":[8]}