{"id":221,"__str__":"Projeto de Lei Ordin\u00e1ria n\u00ba 25 de 2023","link_detail_backend":"/materia/221","metadata":{},"numero":25,"ano":2023,"numero_protocolo":null,"data_apresentacao":"2023-11-17","tipo_apresentacao":"","data_publicacao":null,"numero_origem_externa":"","ano_origem_externa":null,"data_origem_externa":null,"apelido":"","dias_prazo":null,"data_fim_prazo":null,"em_tramitacao":true,"polemica":false,"objeto":"","complementar":false,"ementa":"\u201cDENOMINA DE JOS\u00c9 CAVALCANTI MELO OS GABINETES DA C\u00c2MARA MUNICIPAL DE URUCUIA/MG, E D\u00c1 OUTRAS PROVID\u00caNCIAS\u201d.","indexacao":"DENOMINA DE JOS\u00c9 CAVALCANTI MELO OS GABINETES DA C\u00c2MARA MUNICIPAL","observacao":"","resultado":"","texto_original":"http://sapl.urucuia.mg.leg.br/media/sapl/public/materialegislativa/2023/221/projeto_de_lei_0025-2023.pdf","data_ultima_atualizacao":"2023-11-20T07:39:34.715501-03:00","ip":"170.81.109.180","ultima_edicao":"2023-11-20T07:37:37.486923-03:00","tipo":1,"regime_tramitacao":1,"tipo_origem_externa":null,"local_origem_externa":null,"user":15,"anexadas":[],"autores":[30,29,32,31]}