{"id":199,"__str__":"Requerimento n\u00ba 31 de 2023","link_detail_backend":"/materia/199","metadata":{},"numero":31,"ano":2023,"numero_protocolo":null,"data_apresentacao":"2023-10-06","tipo_apresentacao":"","data_publicacao":null,"numero_origem_externa":"","ano_origem_externa":null,"data_origem_externa":null,"apelido":"","dias_prazo":null,"data_fim_prazo":null,"em_tramitacao":false,"polemica":false,"objeto":"","complementar":false,"ementa":"Os Vereadores que este subscreve, ouvida a casa no prazo regimental, vem requerer da Mesa Diretora desta Casa, que seja feita a revis\u00e3o da Lei Org\u00e2nica do Munic\u00edpio de Urucuia e do Regimento Interno da C\u00e2mara Municipal de Urucuia.","indexacao":"Os Vereadores que este subscreve, ouvida a casa no prazo regimental, vem requerer da Mesa Diretora desta Casa, que seja feita a revis\u00e3o da Lei Org\u00e2nica do Munic\u00edpio de Urucuia e do Regimento Interno da C\u00e2mara Municipal de Urucuia.","observacao":"","resultado":"","texto_original":"http://sapl.urucuia.mg.leg.br/media/sapl/public/materialegislativa/2023/199/requerimento_n_031-2023.pdf","data_ultima_atualizacao":"2023-10-09T15:42:17.730497-03:00","ip":"170.81.109.180","ultima_edicao":"2023-10-09T15:39:53.390449-03:00","tipo":3,"regime_tramitacao":1,"tipo_origem_externa":null,"local_origem_externa":null,"user":15,"anexadas":[],"autores":[16,21,8,20,9]}