{"id":1019,"__str__":"Emenda Modificativa n\u00ba 1 de 2026","link_detail_backend":"/materia/1019","metadata":{},"numero":1,"ano":2026,"numero_protocolo":85,"data_apresentacao":"2026-03-26","tipo_apresentacao":"E","data_publicacao":null,"numero_origem_externa":"","ano_origem_externa":null,"data_origem_externa":null,"apelido":"","dias_prazo":null,"data_fim_prazo":null,"em_tramitacao":false,"polemica":false,"objeto":"","complementar":false,"ementa":"Altera a reda\u00e7\u00e3o do art. 4\u00ba do Projeto de Lei n\u00ba 06/2026, que disp\u00f5e sobre a cria\u00e7\u00e3o e amplia\u00e7\u00e3o de cargos no \u00e2mbito da Administra\u00e7\u00e3o P\u00fablica Municipal de Urucuia/MG.","indexacao":"","observacao":"","resultado":"","texto_original":"http://sapl.urucuia.mg.leg.br/media/sapl/public/materialegislativa/2026/1019/emenda_modificativa_no_001_-_projeto_de_lei__no_06_de_2026.pdf","data_ultima_atualizacao":"2026-04-08T13:07:38.646238-03:00","ip":"168.205.238.36","ultima_edicao":"2026-03-26T21:09:52.808113-03:00","tipo":13,"regime_tramitacao":1,"tipo_origem_externa":null,"local_origem_externa":null,"user":36,"anexadas":[],"autores":[57]}