{"id":1009,"__str__":"Indica\u00e7\u00e3o n\u00ba 15 de 2026","link_detail_backend":"/materia/1009","metadata":{},"numero":15,"ano":2026,"numero_protocolo":null,"data_apresentacao":"2026-03-10","tipo_apresentacao":"E","data_publicacao":null,"numero_origem_externa":"","ano_origem_externa":null,"data_origem_externa":null,"apelido":"","dias_prazo":null,"data_fim_prazo":null,"em_tramitacao":false,"polemica":false,"objeto":"","complementar":false,"ementa":"Excelent\u00edssimo Senhor Presidente da C\u00e2mara Municipal de Urucuia/MG, A Vereadora que esta subscreve, no uso de suas atribui\u00e7\u00f5es legais e regimentais, indica ao Excelent\u00edssimo Senhor Prefeito Municipal de Urucuia \u2014 MG, a aquisi\u00e7\u00e3o de um Caminh\u00e3o Ba\u00fa Refrigerado destinado ao Setor de Merenda Escolar, visando o transporte e distribui\u00e7\u00e3o adequada da alimenta\u00e7\u00e3o escolar em todo o munic\u00edpio.","indexacao":"Excelent\u00edssimo Senhor Presidente da C\u00e2mara Municipal de Urucuia/MG, A Vereadora que esta subscreve, no uso de suas atribui\u00e7\u00f5es legais e regimentais, indica ao Excelent\u00edssimo Senhor Prefeito Municipal de Urucuia \u2014 MG, a aquisi\u00e7\u00e3o de um Caminh\u00e3o Ba\u00fa Refrigerado destinado ao Setor de Merenda Escolar, visando o transporte e distribui\u00e7\u00e3o adequada da alimenta\u00e7\u00e3o escolar em todo o munic\u00edpio.","observacao":"","resultado":"","texto_original":"http://sapl.urucuia.mg.leg.br/media/sapl/public/materialegislativa/2026/1009/153.pdf","data_ultima_atualizacao":"2026-03-30T10:47:58.464687-03:00","ip":"168.205.238.68","ultima_edicao":"2026-03-30T10:47:58.291865-03:00","tipo":8,"regime_tramitacao":1,"tipo_origem_externa":null,"local_origem_externa":null,"user":36,"anexadas":[],"autores":[17]}