{"id":18,"__str__":"Of\u00edcio - Of\u00edcio de 27/03/2025 por Executivo - Ex","link_detail_backend":"/materia/documentoacessorio/18","metadata":{"signs":{"arquivo":{"admin":[],"autores":[["Jose Ailson Dantas Queiroz",["2025-03-27T15:54:26-03:00","ICP-Brasil"]]]}}},"nome":"Of\u00edcio","data":"2025-03-27","autor":"Executivo - Ex","ementa":"Of\u00edcio envia PL que Disp\u00f5e sobre a revoga\u00e7\u00e3o do Programa Municipal das Escolas C\u00edvico-Militares na Rede P\u00fablica de Ensino do Munic\u00edpio de Urucuia.","indexacao":"Of\u00edcio envia PL que Disp\u00f5e sobre a revoga\u00e7\u00e3o do Programa Municipal das Escolas C\u00edvico-Militares na Rede P\u00fablica de Ensino do Munic\u00edpio de Urucuia.","arquivo":"http://sapl.urucuia.mg.leg.br/media/sapl/public/documentoacessorio/2025/18/oficio_envio_pl_revoga_modelo_civico_militar_assinado.pdf","data_ultima_atualizacao":"2025-03-28T21:38:37.402585-03:00","materia":775,"tipo":6}